{"id":1890,"date":"2020-02-04T15:32:00","date_gmt":"2020-02-04T15:32:00","guid":{"rendered":"http:\/\/15.188.228.84\/?p=1890"},"modified":"2026-02-10T16:34:52","modified_gmt":"2026-02-10T15:34:52","slug":"chef-d-entreprise-pourquoi-et-comment-appliquer-le-droit-a-la-deconnexion","status":"publish","type":"post","link":"https:\/\/business.onoff.app\/fr\/blog\/actualite\/chef-d-entreprise-pourquoi-et-comment-appliquer-le-droit-a-la-deconnexion\/","title":{"rendered":"Chef d\u2019entreprise : pourquoi et comment appliquer le droit \u00e0 la d\u00e9connexion"},"content":{"rendered":"\t\t<div data-elementor-type=\"wp-post\" data-elementor-id=\"1890\" class=\"elementor elementor-1890\" data-elementor-post-type=\"post\">\n\t\t\t\t\t\t<section class=\"elementor-section elementor-top-section elementor-element elementor-element-c4d628c elementor-section-boxed elementor-section-height-default elementor-section-height-default wpr-particle-no wpr-jarallax-no wpr-parallax-no wpr-sticky-section-no\" data-id=\"c4d628c\" data-element_type=\"section\">\n\t\t\t\t\t\t<div class=\"elementor-container elementor-column-gap-default\">\n\t\t\t\t\t<div class=\"elementor-column elementor-col-100 elementor-top-column elementor-element elementor-element-48ee594\" data-id=\"48ee594\" data-element_type=\"column\">\n\t\t\t<div class=\"elementor-widget-wrap elementor-element-populated\">\n\t\t\t\t\t\t<div class=\"elementor-element elementor-element-3ce4a39 elementor-widget elementor-widget-text-editor\" data-id=\"3ce4a39\" data-element_type=\"widget\" data-widget_type=\"text-editor.default\">\n\t\t\t\t<div class=\"elementor-widget-container\">\n\t\t\t\t\t\t\t\t\t<p><a href=\"\/blog\/\">\u2190 Blog<\/a><\/p>\t\t\t\t\t\t\t\t<\/div>\n\t\t\t\t<\/div>\n\t\t\t\t<div class=\"elementor-element elementor-element-35f438c elementor-widget elementor-widget-image\" data-id=\"35f438c\" data-element_type=\"widget\" data-widget_type=\"image.default\">\n\t\t\t\t<div class=\"elementor-widget-container\">\n\t\t\t\t\t\t\t\t\t\t\t\t\t\t\t<img fetchpriority=\"high\" decoding=\"async\" width=\"1620\" height=\"900\" src=\"https:\/\/business.onoff.app\/wp-content\/uploads\/2020\/02\/droit-a-la-deconnexion.jpg\" class=\"attachment-full size-full wp-image-2149\" alt=\"\" srcset=\"https:\/\/business.onoff.app\/wp-content\/uploads\/2020\/02\/droit-a-la-deconnexion.jpg 1620w, https:\/\/business.onoff.app\/wp-content\/uploads\/2020\/02\/droit-a-la-deconnexion-300x167.jpg 300w, https:\/\/business.onoff.app\/wp-content\/uploads\/2020\/02\/droit-a-la-deconnexion-1024x569.jpg 1024w, https:\/\/business.onoff.app\/wp-content\/uploads\/2020\/02\/droit-a-la-deconnexion-768x427.jpg 768w, https:\/\/business.onoff.app\/wp-content\/uploads\/2020\/02\/droit-a-la-deconnexion-1536x853.jpg 1536w\" sizes=\"(max-width: 1620px) 100vw, 1620px\" \/>\t\t\t\t\t\t\t\t\t\t\t\t\t\t\t<\/div>\n\t\t\t\t<\/div>\n\t\t\t\t\t<\/div>\n\t\t<\/div>\n\t\t\t\t\t<\/div>\n\t\t<\/section>\n\t\t\t\t<section class=\"elementor-section elementor-top-section elementor-element elementor-element-58ef98c1 elementor-section-content-middle elementor-section-boxed elementor-section-height-default elementor-section-height-default wpr-particle-no wpr-jarallax-no wpr-parallax-no wpr-sticky-section-no\" data-id=\"58ef98c1\" data-element_type=\"section\">\n\t\t\t\t\t\t<div class=\"elementor-container elementor-column-gap-default\">\n\t\t\t\t\t<div class=\"elementor-column elementor-col-100 elementor-top-column elementor-element elementor-element-798c161a\" data-id=\"798c161a\" data-element_type=\"column\">\n\t\t\t<div class=\"elementor-widget-wrap elementor-element-populated\">\n\t\t\t\t\t\t<div class=\"elementor-element elementor-element-36860bb7 elementor-widget elementor-widget-heading\" data-id=\"36860bb7\" data-element_type=\"widget\" data-widget_type=\"heading.default\">\n\t\t\t\t<div class=\"elementor-widget-container\">\n\t\t\t\t\t<h2 class=\"elementor-heading-title elementor-size-default\">Chef d\u2019entreprise : pourquoi et comment appliquer le droit \u00e0 la d\u00e9connexion<\/h2>\t\t\t\t<\/div>\n\t\t\t\t<\/div>\n\t\t\t\t<div class=\"elementor-element elementor-element-2033a74 elementor-widget elementor-widget-text-editor\" data-id=\"2033a74\" data-element_type=\"widget\" data-widget_type=\"text-editor.default\">\n\t\t\t\t<div class=\"elementor-widget-container\">\n\t\t\t\t\t\t\t\t\t<p><em>Pourquoi le droit \u00e0 la d\u00e9connexion s\u2019est-il invit\u00e9 dans les d\u00e9bats ? S\u00fbrement \u00e0 cause de notre d\u00e9pendance. 42% des utilisateurs de smartphones en France s\u2019estiment en effet \u00ab d\u00e9pendants \u00bb de leur portable, selon une \u00e9tude de l\u2019Ifop.<\/em><\/p>\t\t\t\t\t\t\t\t<\/div>\n\t\t\t\t<\/div>\n\t\t\t\t<div class=\"elementor-element elementor-element-31d5359 elementor-widget elementor-widget-image\" data-id=\"31d5359\" data-element_type=\"widget\" data-widget_type=\"image.default\">\n\t\t\t\t<div class=\"elementor-widget-container\">\n\t\t\t\t\t\t\t\t\t\t\t\t\t\t\t<img decoding=\"async\" width=\"740\" height=\"185\" src=\"https:\/\/business.onoff.app\/wp-content\/uploads\/2020\/02\/onoffbusiness-blog.jpg\" class=\"attachment-full size-full wp-image-1855\" alt=\"\" srcset=\"https:\/\/business.onoff.app\/wp-content\/uploads\/2020\/02\/onoffbusiness-blog.jpg 740w, https:\/\/business.onoff.app\/wp-content\/uploads\/2020\/02\/onoffbusiness-blog-300x75.jpg 300w\" sizes=\"(max-width: 740px) 100vw, 740px\" \/>\t\t\t\t\t\t\t\t\t\t\t\t\t\t\t<\/div>\n\t\t\t\t<\/div>\n\t\t\t\t<div class=\"elementor-element elementor-element-3864a1a elementor-widget elementor-widget-heading\" data-id=\"3864a1a\" data-element_type=\"widget\" data-widget_type=\"heading.default\">\n\t\t\t\t<div class=\"elementor-widget-container\">\n\t\t\t\t\t<h4 class=\"elementor-heading-title elementor-size-default\">27% des cadres travaillent pendant leurs vacances<\/h4>\t\t\t\t<\/div>\n\t\t\t\t<\/div>\n\t\t\t\t<div class=\"elementor-element elementor-element-6a3901a elementor-widget elementor-widget-text-editor\" data-id=\"6a3901a\" data-element_type=\"widget\" data-widget_type=\"text-editor.default\">\n\t\t\t\t<div class=\"elementor-widget-container\">\n\t\t\t\t\t\t\t\t\t<p>Qu&#8217;on se le dise: nous sommes 57% \u00e0 nous dire incapables de passer une heure sans consulter notre smartphone. Une addiction qui nous suit \u00e9galement au travail et qui est m\u00eame renforc\u00e9e par nos m\u00e9tiers. Le culte de l\u2019efficacit\u00e9 et de l&#8217;imm\u00e9diatet\u00e9 nous pousse \u00e0 r\u00e9pondre \u00e0 toutes les demandes en temps r\u00e9el. Ainsi 27% des cadres travaillent pendant leurs vacances. Les outils num\u00e9riques ne nous aident pas \u00e0 d\u00e9crocher, au contraire. D\u00e9sormais capable de travailler n\u2019importe o\u00f9 et n\u2019importe quand, la fronti\u00e8re entre la vie perso et pro s\u2019estompe : un effet blurring qui n\u2019est pas sans cons\u00e9quence.<\/p><p>Ainsi The Boston Consulting Group a inscrit l\u2019effacement des fronti\u00e8res entre vie priv\u00e9e et vie professionnelle comme faisant partie des potentiels facteurs d\u00e9clencheurs de maladies professionnelles telles que le burn-out, ou encore le \u00ab FOMO \u00bb (Fear Of Missing Out), une forme d\u2019anxi\u00e9t\u00e9 sociale entra\u00eenant un rapport obsessionnel aux outils de communication.<\/p><p>On constate d&#8217;ailleurs une augmentation du nombre de journ\u00e9es d\u2019arr\u00eats maladie avec le d\u00e9veloppement de ces outils num\u00e9riques. Ces \u00e9tudes ont pouss\u00e9 \u00e0 faire figurer le droit \u00e0 la d\u00e9connexion dans la loi Travail, incitant tout chef d\u2019entreprise \u00e0 s\u2019en pr\u00e9occuper.<\/p>\t\t\t\t\t\t\t\t<\/div>\n\t\t\t\t<\/div>\n\t\t\t\t<div class=\"elementor-element elementor-element-8004bd7 elementor-widget elementor-widget-heading\" data-id=\"8004bd7\" data-element_type=\"widget\" data-widget_type=\"heading.default\">\n\t\t\t\t<div class=\"elementor-widget-container\">\n\t\t\t\t\t<h4 class=\"elementor-heading-title elementor-size-default\">Le droit \u00e0 la d\u00e9connexion: qu'est-ce que c'est ?<\/h4>\t\t\t\t<\/div>\n\t\t\t\t<\/div>\n\t\t\t\t<div class=\"elementor-element elementor-element-8adcd12 elementor-widget elementor-widget-text-editor\" data-id=\"8adcd12\" data-element_type=\"widget\" data-widget_type=\"text-editor.default\">\n\t\t\t\t<div class=\"elementor-widget-container\">\n\t\t\t\t\t\t\t\t\t<p>Entr\u00e9 en vigueur au 1er janvier 2017, ce droit n\u2019est pas pr\u00e9cis\u00e9ment d\u00e9fini. Il correspond \u00e0 une sorte de droit au repos num\u00e9rique, au respect du temps de cong\u00e9s, de la vie personnelle et familiale. Seules 16% des grandes entreprises ont appliqu\u00e9 les r\u00e8gles depuis l&#8217;instauration de ce droit dans la loi Travail. Il faut dire que la loi est essentiellement incitative. Cependant, les employeurs sont tenus d\u2019inclure ce sujet dans les n\u00e9gociations collectives annuelles et de d\u00e9finir les modalit\u00e9s d&#8217;exercice de ce droit dans une charte annex\u00e9e au r\u00e8glement int\u00e9rieur ou dans celle sur l\u2019utilisation des outils informatiques et une r\u00e9gulation de l\u2019utilisation des outils num\u00e9riques.<\/p><p>Dans les entreprises de plus de 50 salari\u00e9s, cette n\u00e9gociation se fera en pr\u00e9sence de d\u00e9l\u00e9gu\u00e9s syndicaux. Pour les autres, le d\u00e9l\u00e9gu\u00e9 du personnel peut \u00eatre d\u00e9sign\u00e9 pour \u00eatre porte-parole : les PME sont donc elles aussi concern\u00e9es par le droit \u00e0 la d\u00e9connexion. Attention, ce droit peut aussi concerner les cadres dirigeants car ils ne sont pas exclus explicitement dans la loi (alors m\u00eame qu\u2019ils \u00e9chappent \u00e0 la r\u00e9glementation sur le temps de repos). Mieux vaut donc trancher clairement la question. Si la loi ne pr\u00e9voit pas de sanction pour le non-respect du droit \u00e0 la d\u00e9connexion, les sollicitations professionnelles en dehors du temps de travail peuvent \u00eatre invoqu\u00e9es en cas de litige (avec des attaques pour non-respect du repos hebdomadaire, harc\u00e8lement moral ou \u00ab burn-out \u00bb). D\u2019ailleurs, les chefs d&#8217;entreprise ont \u00e0 y gagner.<\/p>\t\t\t\t\t\t\t\t<\/div>\n\t\t\t\t<\/div>\n\t\t\t\t<div class=\"elementor-element elementor-element-d5c4986 elementor-widget elementor-widget-heading\" data-id=\"d5c4986\" data-element_type=\"widget\" data-widget_type=\"heading.default\">\n\t\t\t\t<div class=\"elementor-widget-container\">\n\t\t\t\t\t<h2 class=\"elementor-heading-title elementor-size-default\">Pourquoi encourager la d\u00e9connexion ?<\/h2>\t\t\t\t<\/div>\n\t\t\t\t<\/div>\n\t\t\t\t<div class=\"elementor-element elementor-element-2fb8e12 elementor-widget elementor-widget-heading\" data-id=\"2fb8e12\" data-element_type=\"widget\" data-widget_type=\"heading.default\">\n\t\t\t\t<div class=\"elementor-widget-container\">\n\t\t\t\t\t<h4 class=\"elementor-heading-title elementor-size-default\">Plus de productivit\u00e9<\/h4>\t\t\t\t<\/div>\n\t\t\t\t<\/div>\n\t\t\t\t<div class=\"elementor-element elementor-element-077e965 elementor-widget elementor-widget-text-editor\" data-id=\"077e965\" data-element_type=\"widget\" data-widget_type=\"text-editor.default\">\n\t\t\t\t<div class=\"elementor-widget-container\">\n\t\t\t\t\t\t\t\t\tSe d\u00e9connecter a plusieurs avantages. Cela am\u00e9liore la productivit\u00e9. On le voit dans les pays qui ont un meilleur \u00e9quilibre vie pro \/ vie perso : ce sont aussi les plus productifs ! Une \u00e9tude Sodexo montre que les pays o\u00f9 les salari\u00e9s disposent d\u2019au moins 15 \u00e0 16 heures chaque jour pour s\u2019occuper d\u2019eux-m\u00eames, de leurs loisirs ou de leur famille sont aussi ceux que l\u2019on retrouve parmi les plus productifs du monde.\t\t\t\t\t\t\t\t<\/div>\n\t\t\t\t<\/div>\n\t\t\t\t<div class=\"elementor-element elementor-element-46cff6b elementor-widget elementor-widget-heading\" data-id=\"46cff6b\" data-element_type=\"widget\" data-widget_type=\"heading.default\">\n\t\t\t\t<div class=\"elementor-widget-container\">\n\t\t\t\t\t<h4 class=\"elementor-heading-title elementor-size-default\">Moins d'absences<\/h4>\t\t\t\t<\/div>\n\t\t\t\t<\/div>\n\t\t\t\t<div class=\"elementor-element elementor-element-6472b51 elementor-widget elementor-widget-text-editor\" data-id=\"6472b51\" data-element_type=\"widget\" data-widget_type=\"text-editor.default\">\n\t\t\t\t<div class=\"elementor-widget-container\">\n\t\t\t\t\t\t\t\t\tEn Allemagne, le nombre de jours de cong\u00e9s maladie pos\u00e9s par les salari\u00e9s a augment\u00e9 de 40% entre 2008 et 2011, ce qui peut \u00eatre expliqu\u00e9 par cette hyperconnexion qui nuit \u00e0 la sant\u00e9. En effet, des \u00e9tudes ont montr\u00e9 qu\u2019il existe une forte corr\u00e9lation entre d\u00e9pression et temps connect\u00e9. Quand on pose la question de savoir comment se sentent les personnes apr\u00e8s avoir pass\u00e9 du temps devant un \u00e9cran, le r\u00e9pondants sont nombreux \u00e0 se dire \u00ab fatigu\u00e9s \u00bb et \u00ab vid\u00e9s \u00bb. L\u2019hyperconnexion a donc des cons\u00e9quences n\u00e9fastes comme le stress, le burn out, la perturbation de la vie priv\u00e9e etc.\t\t\t\t\t\t\t\t<\/div>\n\t\t\t\t<\/div>\n\t\t\t\t<div class=\"elementor-element elementor-element-8741ddc elementor-widget elementor-widget-heading\" data-id=\"8741ddc\" data-element_type=\"widget\" data-widget_type=\"heading.default\">\n\t\t\t\t<div class=\"elementor-widget-container\">\n\t\t\t\t\t<h2 class=\"elementor-heading-title elementor-size-default\">Comment inciter ses salari\u00e9s \u00e0 d\u00e9connecter ?<\/h2>\t\t\t\t<\/div>\n\t\t\t\t<\/div>\n\t\t\t\t<div class=\"elementor-element elementor-element-074303f elementor-widget elementor-widget-text-editor\" data-id=\"074303f\" data-element_type=\"widget\" data-widget_type=\"text-editor.default\">\n\t\t\t\t<div class=\"elementor-widget-container\">\n\t\t\t\t\t\t\t\t\t<p>Certaines entreprises ont mis en place des mesures fortes, par exemple en coupant les serveurs pour emp\u00eacher l\u2019envoi et la r\u00e9ception d\u2019email en dehors des heures de travail. Cette d\u00e9marche mise en place par le groupe JLO n\u2019a pas suscit\u00e9 de plaintes de la part des clients et s\u2019est m\u00eame transform\u00e9e en valeur revendiqu\u00e9e face au client concernant le bien-\u00eatre des salari\u00e9s.<br \/>D\u2019autres ont pr\u00e9f\u00e9r\u00e9 une fen\u00eatre pop-up qui appara\u00eet au-del\u00e0 d\u2019une certaine heure pour rappeler la r\u00e8gle de respect du temps de repos, tout en laissant aux salari\u00e9s le choix des urgences.<\/p><p>Plus facilement, la charte peut d\u00e9finir les plages horaires pendant lesquelles ne pas envoyer de mail, sms ou appels t\u00e9l\u00e9phoniques &#8211; sauf en cas d\u2019urgence. Le groupe Schneider a ainsi fait chuter de 58% en six semaines le nombre d\u2019emails re\u00e7us le soir et le week-end en encourageant certaines \u00e9quipes (top management, RH, QVT et innovation IT) \u00e0 \u00e9valuer la pertinence des e-mails re\u00e7us, la n\u00e9cessit\u00e9 d\u2019\u00eatre en copie ou non, le caract\u00e8re d\u2019urgence au regard de l\u2019horaire.<\/p><p>La charte peut aussi rappeler certaines bonnes pratiques telle que la formation : informer sur ce droit et sur les bonnes pratiques est recommand\u00e9 par la loi et permet de modifier des habitudes qui se sont install\u00e9es, y compris aupr\u00e8s du top management dont le r\u00f4le d\u2019exemple est un facteur cl\u00e9 pour aider tous les salari\u00e9s \u00e0 d\u00e9connecter.<\/p>\t\t\t\t\t\t\t\t<\/div>\n\t\t\t\t<\/div>\n\t\t\t\t<div class=\"elementor-element elementor-element-b6aaa07 elementor-widget elementor-widget-heading\" data-id=\"b6aaa07\" data-element_type=\"widget\" data-widget_type=\"heading.default\">\n\t\t\t\t<div class=\"elementor-widget-container\">\n\t\t\t\t\t<h2 class=\"elementor-heading-title elementor-size-default\">Quels outils mettre en place ?<\/h2>\t\t\t\t<\/div>\n\t\t\t\t<\/div>\n\t\t\t\t<div class=\"elementor-element elementor-element-c0bf74f elementor-widget elementor-widget-text-editor\" data-id=\"c0bf74f\" data-element_type=\"widget\" data-widget_type=\"text-editor.default\">\n\t\t\t\t<div class=\"elementor-widget-container\">\n\t\t\t\t\t\t\t\t\t<p><strong>Moins de mails<\/strong><br \/>Gr\u00e2ce \u00e0 des plateformes de discussion en interne, on peut limiter les mails envoy\u00e9s. De nombreux outils &#8211; Slack, Microsoft Yammer, Twist &#8211; permettent des \u00e9changes rapides et cibl\u00e9s.<\/p><p><strong>Mails diff\u00e9r\u00e9s<\/strong><br \/>Nombre de bo\u00eetes mail &#8211; Outlook, Gmail &#8211; permettent de programmer ses messages. Ainsi pour ceux qui travaillent en horaires d\u00e9cal\u00e9s, il est possible de ne pas importuner ses coll\u00e8gues, tout en avan\u00e7ant.<\/p><p><strong>Message d\u2019absence<\/strong><br \/>Syst\u00e9matiser le message lors de ses cong\u00e9s et mettre en place des solutions de back-up. Il est \u00e9galement possible de pr\u00e9voir le param\u00e9trage de la signature mail avec une indication sur les prochaines dates de cong\u00e9s.<\/p><p><strong>Param\u00e9trage du t\u00e9l\u00e9phone<\/strong><br \/>Informer les param\u00e9trages permettant de recevoir les emails uniquement \u00e0 la demande et pas automatiquement.<\/p><p><strong>Num\u00e9ro pro sur silencieux<\/strong><br \/>Une plateforme comme <span style=\"text-decoration: underline;\"><a href=\"https:\/\/hello.onoffbusiness.com\/blog\/\">Onoff business<\/a><\/span> permet aux entreprises d&#8217;attribuer des num\u00e9ros de portable professionnels en quelques minutes et \u00e0 moindres frais pour l&#8217;ensemble de ses employ\u00e9s. Ces num\u00e9ros peuvent \u00eatre mis en pause hors des p\u00e9riodes de travail ou lors des cong\u00e9s.<\/p><p><strong>R\u00e9union de sensibilisation<\/strong><br \/>Faire prendre conscience aux managers sur les bienfaits du repos pour eux-m\u00eames et les autres, et des bonnes pratiques.<\/p><p><strong>Mail-less Friday<\/strong><br \/>En faire moins pour le faire mieux. C\u2019est un peu le principe du Mail-less Friday, qui encourage \u00e0 prendre conscience des vraies urgences et messages importants en limitant nos envois. Gr\u00e2ce aux Mail-Less Friday, PriceMinister a ainsi encourag\u00e9 les managers \u00e0 se r\u00e9-approprier ce temps lib\u00e9r\u00e9 pour communiquer en direct avec leurs \u00e9quipes. R\u00e9sultat, des petits d\u00e9jeuners ou des moments d\u2019\u00e9changes que le num\u00e9rique tend parfois \u00e0 effacer.<\/p>\t\t\t\t\t\t\t\t<\/div>\n\t\t\t\t<\/div>\n\t\t\t\t<div class=\"elementor-element elementor-element-55bf7d1 elementor-widget elementor-widget-image\" data-id=\"55bf7d1\" data-element_type=\"widget\" data-widget_type=\"image.default\">\n\t\t\t\t<div class=\"elementor-widget-container\">\n\t\t\t\t\t\t\t\t\t\t\t\t\t\t\t<img decoding=\"async\" width=\"740\" height=\"185\" src=\"https:\/\/business.onoff.app\/wp-content\/uploads\/2020\/02\/onoffbusiness-blog.jpg\" class=\"attachment-full size-full wp-image-1855\" alt=\"\" srcset=\"https:\/\/business.onoff.app\/wp-content\/uploads\/2020\/02\/onoffbusiness-blog.jpg 740w, https:\/\/business.onoff.app\/wp-content\/uploads\/2020\/02\/onoffbusiness-blog-300x75.jpg 300w\" sizes=\"(max-width: 740px) 100vw, 740px\" \/>\t\t\t\t\t\t\t\t\t\t\t\t\t\t\t<\/div>\n\t\t\t\t<\/div>\n\t\t\t\t\t<\/div>\n\t\t<\/div>\n\t\t\t\t\t<\/div>\n\t\t<\/section>\n\t\t\t\t<section class=\"elementor-section elementor-top-section elementor-element elementor-element-671dc958 elementor-section-boxed elementor-section-height-default elementor-section-height-default wpr-particle-no wpr-jarallax-no wpr-parallax-no wpr-sticky-section-no\" data-id=\"671dc958\" data-element_type=\"section\">\n\t\t\t\t\t\t<div class=\"elementor-container elementor-column-gap-default\">\n\t\t\t\t\t<div class=\"elementor-column elementor-col-100 elementor-top-column elementor-element elementor-element-4bffa51b\" data-id=\"4bffa51b\" data-element_type=\"column\">\n\t\t\t<div class=\"elementor-widget-wrap elementor-element-populated\">\n\t\t\t\t\t\t<div class=\"elementor-element elementor-element-4462e5da elementor-widget elementor-widget-wp-widget-a2a_share_save_widget\" data-id=\"4462e5da\" data-element_type=\"widget\" data-widget_type=\"wp-widget-a2a_share_save_widget.default\">\n\t\t\t\t<div class=\"elementor-widget-container\">\n\t\t\t\t\t<div class=\"a2a_kit a2a_kit_size_26 addtoany_list\"><a class=\"a2a_button_facebook\" href=\"https:\/\/www.addtoany.com\/add_to\/facebook?linkurl=https%3A%2F%2Fbusiness.onoff.app%2Ffr%2Fwp-json%2Fwp%2Fv2%2Fposts%2F1890&amp;linkname=\" title=\"Facebook\" rel=\"nofollow noopener\" target=\"_blank\"><\/a><a class=\"a2a_button_twitter\" href=\"https:\/\/www.addtoany.com\/add_to\/twitter?linkurl=https%3A%2F%2Fbusiness.onoff.app%2Ffr%2Fwp-json%2Fwp%2Fv2%2Fposts%2F1890&amp;linkname=\" title=\"Twitter\" rel=\"nofollow noopener\" target=\"_blank\"><\/a><a class=\"a2a_button_linkedin\" href=\"https:\/\/www.addtoany.com\/add_to\/linkedin?linkurl=https%3A%2F%2Fbusiness.onoff.app%2Ffr%2Fwp-json%2Fwp%2Fv2%2Fposts%2F1890&amp;linkname=\" title=\"LinkedIn\" rel=\"nofollow noopener\" target=\"_blank\"><\/a><a class=\"a2a_button_copy_link\" href=\"https:\/\/www.addtoany.com\/add_to\/copy_link?linkurl=https%3A%2F%2Fbusiness.onoff.app%2Ffr%2Fwp-json%2Fwp%2Fv2%2Fposts%2F1890&amp;linkname=\" title=\"Copy Link\" rel=\"nofollow noopener\" target=\"_blank\"><\/a><\/div>\t\t\t\t<\/div>\n\t\t\t\t<\/div>\n\t\t\t\t\t<\/div>\n\t\t<\/div>\n\t\t\t\t\t<\/div>\n\t\t<\/section>\n\t\t\t\t<section class=\"elementor-section elementor-top-section elementor-element elementor-element-419e2717 elementor-section-boxed elementor-section-height-default elementor-section-height-default wpr-particle-no wpr-jarallax-no wpr-parallax-no wpr-sticky-section-no\" data-id=\"419e2717\" data-element_type=\"section\">\n\t\t\t\t\t\t<div class=\"elementor-container elementor-column-gap-default\">\n\t\t\t\t\t<div class=\"elementor-column elementor-col-100 elementor-top-column elementor-element elementor-element-2c4b173d\" data-id=\"2c4b173d\" data-element_type=\"column\">\n\t\t\t<div class=\"elementor-widget-wrap elementor-element-populated\">\n\t\t\t\t\t\t<div class=\"elementor-element elementor-element-5d8a4de elementor-widget elementor-widget-text-editor\" data-id=\"5d8a4de\" data-element_type=\"widget\" data-widget_type=\"text-editor.default\">\n\t\t\t\t<div class=\"elementor-widget-container\">\n\t\t\t\t\t\t\t\t\t<p><strong>Articles r\u00e9cents :<\/strong><\/p>\t\t\t\t\t\t\t\t<\/div>\n\t\t\t\t<\/div>\n\t\t\t\t<div class=\"elementor-element elementor-element-529180cf premium-blog-align-left elementor-widget elementor-widget-premium-addon-blog\" data-id=\"529180cf\" data-element_type=\"widget\" data-settings=\"{&quot;premium_blog_columns_number&quot;:&quot;33.33%&quot;,&quot;premium_blog_grid&quot;:&quot;yes&quot;,&quot;premium_blog_layout&quot;:&quot;even&quot;,&quot;premium_blog_columns_number_tablet&quot;:&quot;50%&quot;,&quot;premium_blog_columns_number_mobile&quot;:&quot;100%&quot;}\" data-widget_type=\"premium-addon-blog.default\">\n\t\t\t\t<div class=\"elementor-widget-container\">\n\t\t\t\t\t\n\t\t\t\t<div class=\"premium-blog-wrap  premium-blog-even\" data-page=\"1890\">\n\t\t\t\t\t<div class=\"premium-blog-post-outer-container\" data-total=\"23\">\r\n\t\t\t<div class=\"premium-blog-post-container premium-blog-skin-classic\">\r\n\t\t\t\t\t\t\t\t\t<div class=\"premium-blog-thumb-effect-wrapper\">\r\n\t\t\t\t\t\t<div class=\"premium-blog-thumbnail-container premium-blog-none-effect\">\r\n\t\t\t\t\t\t\t<img decoding=\"async\" width=\"1518\" height=\"964\" src=\"https:\/\/business.onoff.app\/wp-content\/uploads\/2026\/03\/Dashboard-call-evaluation-ia.png\" class=\"attachment-full size-full wp-image-8191\" alt=\"\" srcset=\"https:\/\/business.onoff.app\/wp-content\/uploads\/2026\/03\/Dashboard-call-evaluation-ia.png 1518w, https:\/\/business.onoff.app\/wp-content\/uploads\/2026\/03\/Dashboard-call-evaluation-ia-300x191.png 300w, https:\/\/business.onoff.app\/wp-content\/uploads\/2026\/03\/Dashboard-call-evaluation-ia-1024x650.png 1024w, https:\/\/business.onoff.app\/wp-content\/uploads\/2026\/03\/Dashboard-call-evaluation-ia-768x488.png 768w\" sizes=\"(max-width: 1518px) 100vw, 1518px\" \/>\t\t\t\t\t\t<\/div>\r\n\t\t\t\t\t\t\t\t\t\t\t\t\t<div class=\"premium-blog-thumbnail-overlay\">\r\n\t\t\t\t\t\t\t\t<a class=\"elementor-icon\" href=\"https:\/\/business.onoff.app\/fr\/blog\/actualite\/tableau-bord-evaluation-appels-ia\/\" target=\"_self\" aria-hidden=\"true\"><span>Optimiser le coaching commercial : Pourquoi passer \u00e0 l\u2019IA ?<\/span><\/a>\r\n\t\t\t\t\t\t\t<\/div>\r\n\t\t\t\t\t\t\t\t\t\t\t<\/div>\r\n\t\t\t\t\t\t\t\t\t\t\t\t<div class=\"premium-blog-content-wrapper \">\r\n\r\n\t\t\t\t\t<div class=\"premium-blog-inner-container\">\r\n\r\n\t\t\t\t\t\t\t\t\t\t\t\t\t\t<h2 class=\"premium-blog-entry-title\">\r\n\t\t\t<a href=\"https:\/\/business.onoff.app\/fr\/blog\/actualite\/tableau-bord-evaluation-appels-ia\/\" target=\"_self\">\r\n\t\t\t\tOptimiser le coaching commercial : Pourquoi passer \u00e0 l\u2019IA ?\t\t\t<\/a>\r\n\t\t<\/h2>\r\n\t\t\t\t<div class=\"premium-blog-entry-meta\">\r\n\t\t\t\r\n\t\t\t\t\t\t\t<span class=\"premium-blog-meta-separator\">\u2022<\/span>\r\n\t\t\t\t<div class=\"premium-blog-post-time premium-blog-meta-data\">\r\n\t\t\t\t\t<i class=\"fa fa-calendar-alt\" aria-hidden=\"true\"><\/i>\r\n\t\t\t\t\t<span>4 mars 2026<\/span>\r\n\t\t\t\t<\/div>\r\n\t\t\t\r\n\t\t\t\r\n\t\t\t\t\t<\/div>\r\n\t\t\r\n\t\t\t\t\t<\/div>\r\n\r\n\t\t\t\t\t\t\t<div class=\"premium-blob-content-inner-wrapper\">\r\n\t\t<p class=\"premium-blog-post-content\">Pour la plupart des managers commerciaux, l'assurance qualit\u00e9 (QA) ressemble \u00e0 la recherche d'une aiguille dans une botte de foin. En moyenne, un manager n'\u00e9coute que 2 % des appels de son \u00e9quipe, esp\u00e9rant tomber par hasard sur un moment propice au coaching, tandis que les 98 % restants des interactions clients demeurent un myst\u00e8re total.\u00a0<\/p>\t\t <\/div>\r\n\t\t \r\n\t\t\t\t<\/div>\r\n\t\t\t<\/div>\r\n\t\t<\/div>\r\n\r\n\t\t\t\t<div class=\"premium-blog-post-outer-container\" data-total=\"23\">\r\n\t\t\t<div class=\"premium-blog-post-container premium-blog-skin-classic\">\r\n\t\t\t\t\t\t\t\t\t<div class=\"premium-blog-thumb-effect-wrapper\">\r\n\t\t\t\t\t\t<div class=\"premium-blog-thumbnail-container premium-blog-none-effect\">\r\n\t\t\t\t\t\t\t<img loading=\"lazy\" decoding=\"async\" width=\"750\" height=\"421\" src=\"https:\/\/business.onoff.app\/wp-content\/uploads\/2026\/02\/UPTOO.png\" class=\"attachment-full size-full wp-image-8138\" alt=\"Il s&#039;agit d&#039;un screen de la video interview du CEO d&#039;Uptoo\" srcset=\"https:\/\/business.onoff.app\/wp-content\/uploads\/2026\/02\/UPTOO.png 750w, https:\/\/business.onoff.app\/wp-content\/uploads\/2026\/02\/UPTOO-300x168.png 300w\" sizes=\"(max-width: 750px) 100vw, 750px\" \/>\t\t\t\t\t\t<\/div>\r\n\t\t\t\t\t\t\t\t\t\t\t\t\t<div class=\"premium-blog-thumbnail-overlay\">\r\n\t\t\t\t\t\t\t\t<a class=\"elementor-icon\" href=\"https:\/\/business.onoff.app\/fr\/blog\/avis-dexperts\/prospection-commerciale-outbound\/\" target=\"_self\" aria-hidden=\"true\"><span>Prospection commerciale : pourquoi l\u2019outbound reste un pilier de la vente moderne, Interview de Steve Compere, CEO d\u2019Uptoo<\/span><\/a>\r\n\t\t\t\t\t\t\t<\/div>\r\n\t\t\t\t\t\t\t\t\t\t\t<\/div>\r\n\t\t\t\t\t\t\t\t\t\t\t\t<div class=\"premium-blog-content-wrapper \">\r\n\r\n\t\t\t\t\t<div class=\"premium-blog-inner-container\">\r\n\r\n\t\t\t\t\t\t\t\t\t\t\t\t\t\t<h2 class=\"premium-blog-entry-title\">\r\n\t\t\t<a href=\"https:\/\/business.onoff.app\/fr\/blog\/avis-dexperts\/prospection-commerciale-outbound\/\" target=\"_self\">\r\n\t\t\t\tProspection commerciale : pourquoi l\u2019outbound reste un pilier de la vente moderne, Interview de Steve Compere, CEO d\u2019Uptoo\t\t\t<\/a>\r\n\t\t<\/h2>\r\n\t\t\t\t<div class=\"premium-blog-entry-meta\">\r\n\t\t\t\r\n\t\t\t\t\t\t\t<span class=\"premium-blog-meta-separator\">\u2022<\/span>\r\n\t\t\t\t<div class=\"premium-blog-post-time premium-blog-meta-data\">\r\n\t\t\t\t\t<i class=\"fa fa-calendar-alt\" aria-hidden=\"true\"><\/i>\r\n\t\t\t\t\t<span>2 f\u00e9vrier 2026<\/span>\r\n\t\t\t\t<\/div>\r\n\t\t\t\r\n\t\t\t\r\n\t\t\t\t\t<\/div>\r\n\t\t\r\n\t\t\t\t\t<\/div>\r\n\r\n\t\t\t\t\t\t\t<div class=\"premium-blob-content-inner-wrapper\">\r\n\t\t<p class=\"premium-blog-post-content\">Steve Compere, CEO d\u2019Uptoo, l\u2019une des agences de vente les plus reconnues en France, apporte une r\u00e9ponse claire dans cette interview exclusive r\u00e9alis\u00e9e avec Onoff Business.<\/p>\t\t <\/div>\r\n\t\t \r\n\t\t\t\t<\/div>\r\n\t\t\t<\/div>\r\n\t\t<\/div>\r\n\r\n\t\t\t\t<div class=\"premium-blog-post-outer-container\" data-total=\"23\">\r\n\t\t\t<div class=\"premium-blog-post-container premium-blog-skin-classic\">\r\n\t\t\t\t\t\t\t\t\t<div class=\"premium-blog-thumb-effect-wrapper\">\r\n\t\t\t\t\t\t<div class=\"premium-blog-thumbnail-container premium-blog-none-effect\">\r\n\t\t\t\t\t\t\t<img loading=\"lazy\" decoding=\"async\" width=\"750\" height=\"421\" src=\"https:\/\/business.onoff.app\/wp-content\/uploads\/2025\/12\/oob-blog-public-api.webp\" class=\"attachment-full size-full wp-image-8033\" alt=\"public api\" srcset=\"https:\/\/business.onoff.app\/wp-content\/uploads\/2025\/12\/oob-blog-public-api.webp 750w, https:\/\/business.onoff.app\/wp-content\/uploads\/2025\/12\/oob-blog-public-api-300x168.webp 300w\" sizes=\"(max-width: 750px) 100vw, 750px\" \/>\t\t\t\t\t\t<\/div>\r\n\t\t\t\t\t\t\t\t\t\t\t\t\t<div class=\"premium-blog-thumbnail-overlay\">\r\n\t\t\t\t\t\t\t\t<a class=\"elementor-icon\" href=\"https:\/\/business.onoff.app\/fr\/blog\/actualite\/api-publique-onoff-business\/\" target=\"_self\" aria-hidden=\"true\"><span>D\u00e9couvrez de nouvelles possibilit\u00e9s avec l\u2019API publique Onoff Business<\/span><\/a>\r\n\t\t\t\t\t\t\t<\/div>\r\n\t\t\t\t\t\t\t\t\t\t\t<\/div>\r\n\t\t\t\t\t\t\t\t\t\t\t\t<div class=\"premium-blog-content-wrapper \">\r\n\r\n\t\t\t\t\t<div class=\"premium-blog-inner-container\">\r\n\r\n\t\t\t\t\t\t\t\t\t\t\t\t\t\t<h2 class=\"premium-blog-entry-title\">\r\n\t\t\t<a href=\"https:\/\/business.onoff.app\/fr\/blog\/actualite\/api-publique-onoff-business\/\" target=\"_self\">\r\n\t\t\t\tD\u00e9couvrez de nouvelles possibilit\u00e9s avec l\u2019API publique Onoff Business\t\t\t<\/a>\r\n\t\t<\/h2>\r\n\t\t\t\t<div class=\"premium-blog-entry-meta\">\r\n\t\t\t\r\n\t\t\t\t\t\t\t<span class=\"premium-blog-meta-separator\">\u2022<\/span>\r\n\t\t\t\t<div class=\"premium-blog-post-time premium-blog-meta-data\">\r\n\t\t\t\t\t<i class=\"fa fa-calendar-alt\" aria-hidden=\"true\"><\/i>\r\n\t\t\t\t\t<span>17 d\u00e9cembre 2025<\/span>\r\n\t\t\t\t<\/div>\r\n\t\t\t\r\n\t\t\t\r\n\t\t\t\t\t<\/div>\r\n\t\t\r\n\t\t\t\t\t<\/div>\r\n\r\n\t\t\t\t\t\t\t<div class=\"premium-blob-content-inner-wrapper\">\r\n\t\t<p class=\"premium-blog-post-content\">L\u2019API publique Onoff Business est une nouvelle fonctionnalit\u00e9 puissante qui permet aux entreprises de connecter facilement leurs syst\u00e8mes internes (IT, RH, outils m\u00e9tiers) \u00e0 leur solution de t\u00e9l\u00e9phonie cloud Onoff Business.<\/p>\t\t <\/div>\r\n\t\t \r\n\t\t\t\t<\/div>\r\n\t\t\t<\/div>\r\n\t\t<\/div>\r\n\r\n\t\t\t\t<\/div>\n\n\t\t\t\t\t\t<\/div>\n\t\t\t\t<\/div>\n\t\t\t\t\t<\/div>\n\t\t<\/div>\n\t\t\t\t\t<\/div>\n\t\t<\/section>\n\t\t\t\t<\/div>\n\t\t","protected":false},"excerpt":{"rendered":"<p>Pourquoi le droit \u00e0 la d\u00e9connexion s\u2019est-il invit\u00e9 dans les d\u00e9bats ? S\u00fbrement \u00e0 cause de notre d\u00e9pendance. 42% des utilisateurs de smartphones en&#8230;<\/p>\n","protected":false},"author":1,"featured_media":2149,"comment_status":"open","ping_status":"open","sticky":false,"template":"","format":"standard","meta":{"content-type":"","footnotes":""},"categories":[1],"tags":[32],"class_list":["post-1890","post","type-post","status-publish","format-standard","has-post-thumbnail","hentry","category-actualite","tag-optimisations-au-travail"],"yoast_head":"<!-- This site is optimized with the Yoast SEO plugin v25.5 - https:\/\/yoast.com\/wordpress\/plugins\/seo\/ -->\n<title>Chef d\u2019entreprise : pourquoi et comment appliquer le droit \u00e0 la d\u00e9connexion -<\/title>\n<meta name=\"robots\" content=\"index, follow, max-snippet:-1, max-image-preview:large, max-video-preview:-1\" \/>\n<link rel=\"canonical\" href=\"https:\/\/business.onoff.app\/fr\/blog\/actualite\/chef-d-entreprise-pourquoi-et-comment-appliquer-le-droit-a-la-deconnexion\/\" \/>\n<meta property=\"og:locale\" content=\"fr_FR\" \/>\n<meta property=\"og:type\" content=\"article\" \/>\n<meta property=\"og:title\" content=\"Chef d\u2019entreprise : pourquoi et comment appliquer le droit \u00e0 la d\u00e9connexion -\" \/>\n<meta property=\"og:description\" content=\"Pourquoi le droit \u00e0 la d\u00e9connexion s\u2019est-il invit\u00e9 dans les d\u00e9bats ? S\u00fbrement \u00e0 cause de notre d\u00e9pendance. 42% des utilisateurs de smartphones en...\" \/>\n<meta property=\"og:url\" content=\"https:\/\/business.onoff.app\/fr\/blog\/actualite\/chef-d-entreprise-pourquoi-et-comment-appliquer-le-droit-a-la-deconnexion\/\" \/>\n<meta property=\"article:published_time\" content=\"2020-02-04T15:32:00+00:00\" \/>\n<meta property=\"article:modified_time\" content=\"2026-02-10T15:34:52+00:00\" \/>\n<meta property=\"og:image\" content=\"https:\/\/business.onoff.app\/wp-content\/uploads\/2020\/02\/droit-a-la-deconnexion.jpg\" \/>\n\t<meta property=\"og:image:width\" content=\"1620\" \/>\n\t<meta property=\"og:image:height\" content=\"900\" \/>\n\t<meta property=\"og:image:type\" content=\"image\/jpeg\" \/>\n<meta name=\"author\" content=\"owner\" \/>\n<meta name=\"twitter:card\" content=\"summary_large_image\" \/>\n<meta name=\"twitter:label1\" content=\"\u00c9crit par\" \/>\n\t<meta name=\"twitter:data1\" content=\"owner\" \/>\n\t<meta name=\"twitter:label2\" content=\"Dur\u00e9e de lecture estim\u00e9e\" \/>\n\t<meta name=\"twitter:data2\" content=\"9 minutes\" \/>\n<script type=\"application\/ld+json\" class=\"yoast-schema-graph\">{\"@context\":\"https:\/\/schema.org\",\"@graph\":[{\"@type\":\"WebPage\",\"@id\":\"https:\/\/business.onoff.app\/fr\/blog\/actualite\/chef-d-entreprise-pourquoi-et-comment-appliquer-le-droit-a-la-deconnexion\/\",\"url\":\"https:\/\/business.onoff.app\/fr\/blog\/actualite\/chef-d-entreprise-pourquoi-et-comment-appliquer-le-droit-a-la-deconnexion\/\",\"name\":\"Chef d\u2019entreprise : pourquoi et comment appliquer le droit \u00e0 la d\u00e9connexion -\",\"isPartOf\":{\"@id\":\"https:\/\/business.onoff.app\/fr\/#website\"},\"primaryImageOfPage\":{\"@id\":\"https:\/\/business.onoff.app\/fr\/blog\/actualite\/chef-d-entreprise-pourquoi-et-comment-appliquer-le-droit-a-la-deconnexion\/#primaryimage\"},\"image\":{\"@id\":\"https:\/\/business.onoff.app\/fr\/blog\/actualite\/chef-d-entreprise-pourquoi-et-comment-appliquer-le-droit-a-la-deconnexion\/#primaryimage\"},\"thumbnailUrl\":\"https:\/\/business.onoff.app\/wp-content\/uploads\/2020\/02\/droit-a-la-deconnexion.jpg\",\"datePublished\":\"2020-02-04T15:32:00+00:00\",\"dateModified\":\"2026-02-10T15:34:52+00:00\",\"author\":{\"@id\":\"https:\/\/business.onoff.app\/fr\/#\/schema\/person\/16606f94386268e38762e14698392b17\"},\"breadcrumb\":{\"@id\":\"https:\/\/business.onoff.app\/fr\/blog\/actualite\/chef-d-entreprise-pourquoi-et-comment-appliquer-le-droit-a-la-deconnexion\/#breadcrumb\"},\"inLanguage\":\"fr-FR\",\"potentialAction\":[{\"@type\":\"ReadAction\",\"target\":[\"https:\/\/business.onoff.app\/fr\/blog\/actualite\/chef-d-entreprise-pourquoi-et-comment-appliquer-le-droit-a-la-deconnexion\/\"]}]},{\"@type\":\"ImageObject\",\"inLanguage\":\"fr-FR\",\"@id\":\"https:\/\/business.onoff.app\/fr\/blog\/actualite\/chef-d-entreprise-pourquoi-et-comment-appliquer-le-droit-a-la-deconnexion\/#primaryimage\",\"url\":\"https:\/\/business.onoff.app\/wp-content\/uploads\/2020\/02\/droit-a-la-deconnexion.jpg\",\"contentUrl\":\"https:\/\/business.onoff.app\/wp-content\/uploads\/2020\/02\/droit-a-la-deconnexion.jpg\",\"width\":1620,\"height\":900},{\"@type\":\"BreadcrumbList\",\"@id\":\"https:\/\/business.onoff.app\/fr\/blog\/actualite\/chef-d-entreprise-pourquoi-et-comment-appliquer-le-droit-a-la-deconnexion\/#breadcrumb\",\"itemListElement\":[{\"@type\":\"ListItem\",\"position\":1,\"name\":\"Accueil\",\"item\":\"https:\/\/business.onoff.app\/fr\/\"},{\"@type\":\"ListItem\",\"position\":2,\"name\":\"Chef d\u2019entreprise : pourquoi et comment appliquer le droit \u00e0 la d\u00e9connexion\"}]},{\"@type\":\"WebSite\",\"@id\":\"https:\/\/business.onoff.app\/fr\/#website\",\"url\":\"https:\/\/business.onoff.app\/fr\/\",\"name\":\"\",\"description\":\"\",\"potentialAction\":[{\"@type\":\"SearchAction\",\"target\":{\"@type\":\"EntryPoint\",\"urlTemplate\":\"https:\/\/business.onoff.app\/fr\/?s={search_term_string}\"},\"query-input\":{\"@type\":\"PropertyValueSpecification\",\"valueRequired\":true,\"valueName\":\"search_term_string\"}}],\"inLanguage\":\"fr-FR\"},{\"@type\":\"Person\",\"@id\":\"https:\/\/business.onoff.app\/fr\/#\/schema\/person\/16606f94386268e38762e14698392b17\",\"name\":\"owner\",\"image\":{\"@type\":\"ImageObject\",\"inLanguage\":\"fr-FR\",\"@id\":\"https:\/\/business.onoff.app\/fr\/#\/schema\/person\/image\/\",\"url\":\"https:\/\/secure.gravatar.com\/avatar\/3665e16bd4fdcdbcf6700e4d0a797110e0d050ed32a3848d951ea7b4ea968dd8?s=96&d=mm&r=g\",\"contentUrl\":\"https:\/\/secure.gravatar.com\/avatar\/3665e16bd4fdcdbcf6700e4d0a797110e0d050ed32a3848d951ea7b4ea968dd8?s=96&d=mm&r=g\",\"caption\":\"owner\"},\"sameAs\":[\"http:\/\/15.188.228.84\"],\"url\":\"https:\/\/business.onoff.app\/fr\/blog\/author\/owner\/\"}]}<\/script>\n<!-- \/ Yoast SEO plugin. -->","yoast_head_json":{"title":"Chef d\u2019entreprise : pourquoi et comment appliquer le droit \u00e0 la d\u00e9connexion -","robots":{"index":"index","follow":"follow","max-snippet":"max-snippet:-1","max-image-preview":"max-image-preview:large","max-video-preview":"max-video-preview:-1"},"canonical":"https:\/\/business.onoff.app\/fr\/blog\/actualite\/chef-d-entreprise-pourquoi-et-comment-appliquer-le-droit-a-la-deconnexion\/","og_locale":"fr_FR","og_type":"article","og_title":"Chef d\u2019entreprise : pourquoi et comment appliquer le droit \u00e0 la d\u00e9connexion -","og_description":"Pourquoi le droit \u00e0 la d\u00e9connexion s\u2019est-il invit\u00e9 dans les d\u00e9bats ? S\u00fbrement \u00e0 cause de notre d\u00e9pendance. 42% des utilisateurs de smartphones en...","og_url":"https:\/\/business.onoff.app\/fr\/blog\/actualite\/chef-d-entreprise-pourquoi-et-comment-appliquer-le-droit-a-la-deconnexion\/","article_published_time":"2020-02-04T15:32:00+00:00","article_modified_time":"2026-02-10T15:34:52+00:00","og_image":[{"width":1620,"height":900,"url":"https:\/\/business.onoff.app\/wp-content\/uploads\/2020\/02\/droit-a-la-deconnexion.jpg","type":"image\/jpeg"}],"author":"owner","twitter_card":"summary_large_image","twitter_misc":{"\u00c9crit par":"owner","Dur\u00e9e de lecture estim\u00e9e":"9 minutes"},"schema":{"@context":"https:\/\/schema.org","@graph":[{"@type":"WebPage","@id":"https:\/\/business.onoff.app\/fr\/blog\/actualite\/chef-d-entreprise-pourquoi-et-comment-appliquer-le-droit-a-la-deconnexion\/","url":"https:\/\/business.onoff.app\/fr\/blog\/actualite\/chef-d-entreprise-pourquoi-et-comment-appliquer-le-droit-a-la-deconnexion\/","name":"Chef d\u2019entreprise : pourquoi et comment appliquer le droit \u00e0 la d\u00e9connexion -","isPartOf":{"@id":"https:\/\/business.onoff.app\/fr\/#website"},"primaryImageOfPage":{"@id":"https:\/\/business.onoff.app\/fr\/blog\/actualite\/chef-d-entreprise-pourquoi-et-comment-appliquer-le-droit-a-la-deconnexion\/#primaryimage"},"image":{"@id":"https:\/\/business.onoff.app\/fr\/blog\/actualite\/chef-d-entreprise-pourquoi-et-comment-appliquer-le-droit-a-la-deconnexion\/#primaryimage"},"thumbnailUrl":"https:\/\/business.onoff.app\/wp-content\/uploads\/2020\/02\/droit-a-la-deconnexion.jpg","datePublished":"2020-02-04T15:32:00+00:00","dateModified":"2026-02-10T15:34:52+00:00","author":{"@id":"https:\/\/business.onoff.app\/fr\/#\/schema\/person\/16606f94386268e38762e14698392b17"},"breadcrumb":{"@id":"https:\/\/business.onoff.app\/fr\/blog\/actualite\/chef-d-entreprise-pourquoi-et-comment-appliquer-le-droit-a-la-deconnexion\/#breadcrumb"},"inLanguage":"fr-FR","potentialAction":[{"@type":"ReadAction","target":["https:\/\/business.onoff.app\/fr\/blog\/actualite\/chef-d-entreprise-pourquoi-et-comment-appliquer-le-droit-a-la-deconnexion\/"]}]},{"@type":"ImageObject","inLanguage":"fr-FR","@id":"https:\/\/business.onoff.app\/fr\/blog\/actualite\/chef-d-entreprise-pourquoi-et-comment-appliquer-le-droit-a-la-deconnexion\/#primaryimage","url":"https:\/\/business.onoff.app\/wp-content\/uploads\/2020\/02\/droit-a-la-deconnexion.jpg","contentUrl":"https:\/\/business.onoff.app\/wp-content\/uploads\/2020\/02\/droit-a-la-deconnexion.jpg","width":1620,"height":900},{"@type":"BreadcrumbList","@id":"https:\/\/business.onoff.app\/fr\/blog\/actualite\/chef-d-entreprise-pourquoi-et-comment-appliquer-le-droit-a-la-deconnexion\/#breadcrumb","itemListElement":[{"@type":"ListItem","position":1,"name":"Accueil","item":"https:\/\/business.onoff.app\/fr\/"},{"@type":"ListItem","position":2,"name":"Chef d\u2019entreprise : pourquoi et comment appliquer le droit \u00e0 la d\u00e9connexion"}]},{"@type":"WebSite","@id":"https:\/\/business.onoff.app\/fr\/#website","url":"https:\/\/business.onoff.app\/fr\/","name":"","description":"","potentialAction":[{"@type":"SearchAction","target":{"@type":"EntryPoint","urlTemplate":"https:\/\/business.onoff.app\/fr\/?s={search_term_string}"},"query-input":{"@type":"PropertyValueSpecification","valueRequired":true,"valueName":"search_term_string"}}],"inLanguage":"fr-FR"},{"@type":"Person","@id":"https:\/\/business.onoff.app\/fr\/#\/schema\/person\/16606f94386268e38762e14698392b17","name":"owner","image":{"@type":"ImageObject","inLanguage":"fr-FR","@id":"https:\/\/business.onoff.app\/fr\/#\/schema\/person\/image\/","url":"https:\/\/secure.gravatar.com\/avatar\/3665e16bd4fdcdbcf6700e4d0a797110e0d050ed32a3848d951ea7b4ea968dd8?s=96&d=mm&r=g","contentUrl":"https:\/\/secure.gravatar.com\/avatar\/3665e16bd4fdcdbcf6700e4d0a797110e0d050ed32a3848d951ea7b4ea968dd8?s=96&d=mm&r=g","caption":"owner"},"sameAs":["http:\/\/15.188.228.84"],"url":"https:\/\/business.onoff.app\/fr\/blog\/author\/owner\/"}]}},"_links":{"self":[{"href":"https:\/\/business.onoff.app\/fr\/wp-json\/wp\/v2\/posts\/1890","targetHints":{"allow":["GET"]}}],"collection":[{"href":"https:\/\/business.onoff.app\/fr\/wp-json\/wp\/v2\/posts"}],"about":[{"href":"https:\/\/business.onoff.app\/fr\/wp-json\/wp\/v2\/types\/post"}],"author":[{"embeddable":true,"href":"https:\/\/business.onoff.app\/fr\/wp-json\/wp\/v2\/users\/1"}],"replies":[{"embeddable":true,"href":"https:\/\/business.onoff.app\/fr\/wp-json\/wp\/v2\/comments?post=1890"}],"version-history":[{"count":0,"href":"https:\/\/business.onoff.app\/fr\/wp-json\/wp\/v2\/posts\/1890\/revisions"}],"wp:featuredmedia":[{"embeddable":true,"href":"https:\/\/business.onoff.app\/fr\/wp-json\/wp\/v2\/media\/2149"}],"wp:attachment":[{"href":"https:\/\/business.onoff.app\/fr\/wp-json\/wp\/v2\/media?parent=1890"}],"wp:term":[{"taxonomy":"category","embeddable":true,"href":"https:\/\/business.onoff.app\/fr\/wp-json\/wp\/v2\/categories?post=1890"},{"taxonomy":"post_tag","embeddable":true,"href":"https:\/\/business.onoff.app\/fr\/wp-json\/wp\/v2\/tags?post=1890"}],"curies":[{"name":"wp","href":"https:\/\/api.w.org\/{rel}","templated":true}]}}